{"id":1093,"date":"2019-12-03T18:17:19","date_gmt":"2019-12-03T18:17:19","guid":{"rendered":"https:\/\/www.allmicroalgae.com\/2020\/11\/05\/event-allmicroalgaes-margarida-costa-presenting-at-eaba-algaeurope2019\/"},"modified":"2020-11-12T14:29:59","modified_gmt":"2020-11-12T14:29:59","slug":"evento-margarida-costa-da-allmicroalgae-apresentou-na-eaba-algaeurope2019","status":"publish","type":"post","link":"https:\/\/www.allmicroalgae.com\/pt-pt\/2019\/12\/03\/evento-margarida-costa-da-allmicroalgae-apresentou-na-eaba-algaeurope2019\/","title":{"rendered":"Margarida Costa da Allmicroalgae apresentou na EABA AlgaEurope2019"},"content":{"rendered":"[vc_row type=&#8221;in_container&#8221; full_screen_row_position=&#8221;middle&#8221; column_margin=&#8221;default&#8221; column_direction=&#8221;default&#8221; column_direction_tablet=&#8221;default&#8221; column_direction_phone=&#8221;default&#8221; scene_position=&#8221;center&#8221; text_color=&#8221;dark&#8221; text_align=&#8221;left&#8221; row_border_radius=&#8221;none&#8221; row_border_radius_applies=&#8221;bg&#8221; overlay_strength=&#8221;0.3&#8243; gradient_direction=&#8221;left_to_right&#8221; shape_divider_position=&#8221;bottom&#8221; bg_image_animation=&#8221;none&#8221;][vc_column column_padding=&#8221;no-extra-padding&#8221; column_padding_tablet=&#8221;inherit&#8221; column_padding_phone=&#8221;inherit&#8221; column_padding_position=&#8221;all&#8221; background_color_opacity=&#8221;1&#8243; background_hover_color_opacity=&#8221;1&#8243; column_shadow=&#8221;none&#8221; column_border_radius=&#8221;none&#8221; column_link_target=&#8221;_self&#8221; gradient_direction=&#8221;left_to_right&#8221; overlay_strength=&#8221;0.3&#8243; width=&#8221;1\/1&#8243; tablet_width_inherit=&#8221;default&#8221; tablet_text_alignment=&#8221;default&#8221; phone_text_alignment=&#8221;default&#8221; column_border_width=&#8221;none&#8221; column_border_style=&#8221;solid&#8221; bg_image_animation=&#8221;none&#8221;][divider line_type=&#8221;No Line&#8221; custom_height=&#8221;20&#8243;][\/vc_column][\/vc_row][vc_row type=&#8221;in_container&#8221; full_screen_row_position=&#8221;middle&#8221; column_margin=&#8221;default&#8221; column_direction=&#8221;default&#8221; column_direction_tablet=&#8221;default&#8221; column_direction_phone=&#8221;default&#8221; scene_position=&#8221;center&#8221; text_color=&#8221;dark&#8221; text_align=&#8221;left&#8221; row_border_radius=&#8221;none&#8221; row_border_radius_applies=&#8221;bg&#8221; overlay_strength=&#8221;0.3&#8243; gradient_direction=&#8221;left_to_right&#8221; shape_divider_position=&#8221;bottom&#8221; bg_image_animation=&#8221;none&#8221;][vc_column column_padding=&#8221;no-extra-padding&#8221; column_padding_tablet=&#8221;inherit&#8221; column_padding_phone=&#8221;inherit&#8221; column_padding_position=&#8221;all&#8221; background_color_opacity=&#8221;1&#8243; background_hover_color_opacity=&#8221;1&#8243; column_shadow=&#8221;none&#8221; column_border_radius=&#8221;none&#8221; column_link_target=&#8221;_self&#8221; gradient_direction=&#8221;left_to_right&#8221; overlay_strength=&#8221;0.3&#8243; width=&#8221;1\/1&#8243; tablet_width_inherit=&#8221;default&#8221; tablet_text_alignment=&#8221;default&#8221; phone_text_alignment=&#8221;default&#8221; column_border_width=&#8221;none&#8221; column_border_style=&#8221;solid&#8221; bg_image_animation=&#8221;none&#8221;][vc_column_text]\n<h4>Margarida Costa esteve na EABA AlgaEurope2019, em Paris, Fran\u00e7a, com uma apresenta\u00e7\u00e3o oral com o t\u00edtulo: \u201cTwo-stage industrial cultivation of<em> Chlorella vulgaris<\/em>\u201d. A confer\u00eancia recebeu 300 participantes, de 43 pa\u00edses diferentes.<\/h4>\n[\/vc_column_text][\/vc_column][\/vc_row][vc_row type=&#8221;in_container&#8221; full_screen_row_position=&#8221;middle&#8221; column_margin=&#8221;default&#8221; column_direction=&#8221;default&#8221; column_direction_tablet=&#8221;default&#8221; column_direction_phone=&#8221;default&#8221; scene_position=&#8221;center&#8221; text_color=&#8221;dark&#8221; text_align=&#8221;left&#8221; row_border_radius=&#8221;none&#8221; row_border_radius_applies=&#8221;bg&#8221; overlay_strength=&#8221;0.3&#8243; gradient_direction=&#8221;left_to_right&#8221; shape_divider_position=&#8221;bottom&#8221; bg_image_animation=&#8221;none&#8221;][vc_column column_padding=&#8221;no-extra-padding&#8221; column_padding_tablet=&#8221;inherit&#8221; column_padding_phone=&#8221;inherit&#8221; column_padding_position=&#8221;all&#8221; background_color_opacity=&#8221;1&#8243; background_hover_color_opacity=&#8221;1&#8243; column_shadow=&#8221;none&#8221; column_border_radius=&#8221;none&#8221; column_link_target=&#8221;_self&#8221; gradient_direction=&#8221;left_to_right&#8221; overlay_strength=&#8221;0.3&#8243; width=&#8221;1\/1&#8243; tablet_width_inherit=&#8221;default&#8221; tablet_text_alignment=&#8221;default&#8221; phone_text_alignment=&#8221;default&#8221; column_border_width=&#8221;none&#8221; column_border_style=&#8221;solid&#8221; bg_image_animation=&#8221;none&#8221;][vc_row_inner column_margin=&#8221;default&#8221; column_direction=&#8221;default&#8221; column_direction_tablet=&#8221;default&#8221; column_direction_phone=&#8221;default&#8221; text_align=&#8221;left&#8221;][vc_column_inner column_padding=&#8221;no-extra-padding&#8221; column_padding_tablet=&#8221;inherit&#8221; column_padding_phone=&#8221;inherit&#8221; column_padding_position=&#8221;all&#8221; background_color_opacity=&#8221;1&#8243; background_hover_color_opacity=&#8221;1&#8243; column_shadow=&#8221;none&#8221; column_border_radius=&#8221;none&#8221; column_link_target=&#8221;_self&#8221; gradient_direction=&#8221;left_to_right&#8221; overlay_strength=&#8221;0.3&#8243; width=&#8221;1\/2&#8243; tablet_width_inherit=&#8221;default&#8221; column_border_width=&#8221;none&#8221; column_border_style=&#8221;solid&#8221; bg_image_animation=&#8221;none&#8221;][image_with_animation image_url=&#8221;1229&#8243; animation=&#8221;None&#8221; hover_animation=&#8221;none&#8221; alignment=&#8221;center&#8221; border_radius=&#8221;none&#8221; box_shadow=&#8221;none&#8221; image_loading=&#8221;default&#8221; max_width=&#8221;100%&#8221; max_width_mobile=&#8221;default&#8221;][\/vc_column_inner][vc_column_inner column_padding=&#8221;no-extra-padding&#8221; column_padding_tablet=&#8221;inherit&#8221; column_padding_phone=&#8221;inherit&#8221; column_padding_position=&#8221;all&#8221; background_color_opacity=&#8221;1&#8243; background_hover_color_opacity=&#8221;1&#8243; column_shadow=&#8221;none&#8221; column_border_radius=&#8221;none&#8221; column_link_target=&#8221;_self&#8221; gradient_direction=&#8221;left_to_right&#8221; overlay_strength=&#8221;0.3&#8243; width=&#8221;1\/2&#8243; tablet_width_inherit=&#8221;default&#8221; column_border_width=&#8221;none&#8221; column_border_style=&#8221;solid&#8221; bg_image_animation=&#8221;none&#8221;][image_with_animation image_url=&#8221;1224&#8243; animation=&#8221;None&#8221; hover_animation=&#8221;none&#8221; alignment=&#8221;center&#8221; border_radius=&#8221;none&#8221; box_shadow=&#8221;none&#8221; image_loading=&#8221;default&#8221; max_width=&#8221;100%&#8221; max_width_mobile=&#8221;default&#8221;][\/vc_column_inner][\/vc_row_inner][image_with_animation image_url=&#8221;1085&#8243; animation=&#8221;None&#8221; hover_animation=&#8221;none&#8221; alignment=&#8221;center&#8221; border_radius=&#8221;none&#8221; box_shadow=&#8221;none&#8221; image_loading=&#8221;default&#8221; max_width=&#8221;100%&#8221; max_width_mobile=&#8221;default&#8221;][vc_column_text]\n<p style=\"text-align: center;\">EABA AlgaEurope2019, Paris, Fran\u00e7a, 2019<\/p>\n[\/vc_column_text][\/vc_column][\/vc_row][vc_row type=&#8221;in_container&#8221; full_screen_row_position=&#8221;middle&#8221; column_margin=&#8221;default&#8221; column_direction=&#8221;default&#8221; column_direction_tablet=&#8221;default&#8221; column_direction_phone=&#8221;default&#8221; scene_position=&#8221;center&#8221; text_color=&#8221;dark&#8221; text_align=&#8221;left&#8221; row_border_radius=&#8221;none&#8221; row_border_radius_applies=&#8221;bg&#8221; overlay_strength=&#8221;0.3&#8243; gradient_direction=&#8221;left_to_right&#8221; shape_divider_position=&#8221;bottom&#8221; bg_image_animation=&#8221;none&#8221;][vc_column column_padding=&#8221;no-extra-padding&#8221; column_padding_tablet=&#8221;inherit&#8221; column_padding_phone=&#8221;inherit&#8221; column_padding_position=&#8221;all&#8221; background_color_opacity=&#8221;1&#8243; background_hover_color_opacity=&#8221;1&#8243; column_shadow=&#8221;none&#8221; column_border_radius=&#8221;none&#8221; column_link_target=&#8221;_self&#8221; gradient_direction=&#8221;left_to_right&#8221; overlay_strength=&#8221;0.3&#8243; width=&#8221;1\/1&#8243; tablet_width_inherit=&#8221;default&#8221; tablet_text_alignment=&#8221;default&#8221; phone_text_alignment=&#8221;default&#8221; column_border_width=&#8221;none&#8221; column_border_style=&#8221;solid&#8221; bg_image_animation=&#8221;none&#8221;][divider line_type=&#8221;No Line&#8221; custom_height=&#8221;40&#8243;][vc_column_text]\n<h4>Outras Not\u00edcias<\/h4>\n[\/vc_column_text][divider line_type=&#8221;No Line&#8221; custom_height=&#8221;30&#8243;][recent_posts style=&#8221;classic_enhanced_alt&#8221; columns=&#8221;3&#8243; category=&#8221;all&#8221; order=&#8221;DESC&#8221; orderby=&#8221;date&#8221; blog_remove_post_date=&#8221;true&#8221; blog_remove_post_author=&#8221;true&#8221; blog_remove_post_comment_number=&#8221;true&#8221; posts_per_page=&#8221;3&#8243;][\/vc_column][\/vc_row]\n","protected":false},"excerpt":{"rendered":"<p>[vc_row type=&#8221;in_container&#8221; full_screen_row_position=&#8221;middle&#8221; column_margin=&#8221;default&#8221; column_direction=&#8221;default&#8221; column_direction_tablet=&#8221;default&#8221; column_direction_phone=&#8221;default&#8221; scene_position=&#8221;center&#8221; text_color=&#8221;dark&#8221; text_align=&#8221;left&#8221; row_border_radius=&#8221;none&#8221; row_border_radius_applies=&#8221;bg&#8221; overlay_strength=&#8221;0.3&#8243; gradient_direction=&#8221;left_to_right&#8221; shape_divider_position=&#8221;bottom&#8221; bg_image_animation=&#8221;none&#8221;][vc_column column_padding=&#8221;no-extra-padding&#8221; column_padding_tablet=&#8221;inherit&#8221; column_padding_phone=&#8221;inherit&#8221; column_padding_position=&#8221;all&#8221; background_color_opacity=&#8221;1&#8243; background_hover_color_opacity=&#8221;1&#8243; column_shadow=&#8221;none&#8221; column_border_radius=&#8221;none&#8221; column_link_target=&#8221;_self&#8221; gradient_direction=&#8221;left_to_right&#8221; overlay_strength=&#8221;0.3&#8243; width=&#8221;1\/1&#8243; tablet_width_inherit=&#8221;default&#8221; tablet_text_alignment=&#8221;default&#8221;&#8230;<\/p>\n","protected":false},"author":1,"featured_media":1244,"comment_status":"closed","ping_status":"closed","sticky":false,"template":"","format":"standard","meta":{"footnotes":""},"categories":[7],"tags":[15,29,17,30,31],"class_list":{"0":"post-1093","1":"post","2":"type-post","3":"status-publish","4":"format-standard","5":"has-post-thumbnail","7":"category-eventos-pt-pt","8":"tag-2019-pt-pt-2","9":"tag-algaeurope2019-pt-pt","10":"tag-allmicroalgae-2-pt-pt","11":"tag-france-pt-pt","12":"tag-paris-pt-pt"},"yoast_head":"<!-- This site is optimized with the Yoast SEO plugin v27.5 - https:\/\/yoast.com\/product\/yoast-seo-wordpress\/ -->\n<title>Allmicroalgae - Margarida Costa na EABA AlgaEurope2019<\/title>\n<meta name=\"description\" content=\"Margarida Costa presente na EABA AlgaEurope2019, em Paris, com uma apresenta\u00e7\u00e3o oral com o t\u00edtulo: \u201cTwo-stage industrial cultivation of Chlorella vulgaris\u201d.\" \/>\n<meta name=\"robots\" content=\"index, follow, max-snippet:-1, max-image-preview:large, max-video-preview:-1\" \/>\n<link rel=\"canonical\" href=\"https:\/\/www.allmicroalgae.com\/pt-pt\/2019\/12\/03\/evento-margarida-costa-da-allmicroalgae-apresentou-na-eaba-algaeurope2019\/\" \/>\n<meta property=\"og:locale\" content=\"pt_PT\" \/>\n<meta property=\"og:type\" content=\"article\" \/>\n<meta property=\"og:title\" content=\"Allmicroalgae - Margarida Costa na EABA AlgaEurope2019\" \/>\n<meta property=\"og:description\" content=\"Margarida Costa presente na EABA AlgaEurope2019, em Paris, com uma apresenta\u00e7\u00e3o oral com o t\u00edtulo: \u201cTwo-stage industrial cultivation of Chlorella vulgaris\u201d.\" \/>\n<meta property=\"og:url\" content=\"https:\/\/www.allmicroalgae.com\/pt-pt\/2019\/12\/03\/evento-margarida-costa-da-allmicroalgae-apresentou-na-eaba-algaeurope2019\/\" \/>\n<meta property=\"og:site_name\" content=\"Allmicroalgae\" \/>\n<meta property=\"article:published_time\" content=\"2019-12-03T18:17:19+00:00\" \/>\n<meta property=\"article:modified_time\" content=\"2020-11-12T14:29:59+00:00\" \/>\n<meta property=\"og:image\" content=\"https:\/\/www.allmicroalgae.com\/wp-content\/uploads\/2019\/12\/Evento5.5.jpg\" \/>\n\t<meta property=\"og:image:width\" content=\"1920\" \/>\n\t<meta property=\"og:image:height\" content=\"1428\" \/>\n\t<meta property=\"og:image:type\" content=\"image\/jpeg\" \/>\n<meta name=\"author\" content=\"growme\" \/>\n<meta name=\"twitter:card\" content=\"summary_large_image\" \/>\n<meta name=\"twitter:label1\" content=\"Escrito por\" \/>\n\t<meta name=\"twitter:data1\" content=\"growme\" \/>\n\t<meta name=\"twitter:label2\" content=\"Tempo estimado de leitura\" \/>\n\t<meta name=\"twitter:data2\" content=\"4 minutos\" \/>\n<script type=\"application\/ld+json\" class=\"yoast-schema-graph\">{\"@context\":\"https:\\\/\\\/schema.org\",\"@graph\":[{\"@type\":\"Article\",\"@id\":\"https:\\\/\\\/www.allmicroalgae.com\\\/pt-pt\\\/2019\\\/12\\\/03\\\/evento-margarida-costa-da-allmicroalgae-apresentou-na-eaba-algaeurope2019\\\/#article\",\"isPartOf\":{\"@id\":\"https:\\\/\\\/www.allmicroalgae.com\\\/pt-pt\\\/2019\\\/12\\\/03\\\/evento-margarida-costa-da-allmicroalgae-apresentou-na-eaba-algaeurope2019\\\/\"},\"author\":{\"name\":\"growme\",\"@id\":\"https:\\\/\\\/www.allmicroalgae.com\\\/en\\\/#\\\/schema\\\/person\\\/12f2a27baec271743b8a67c3936da05e\"},\"headline\":\"Margarida Costa da Allmicroalgae apresentou na EABA AlgaEurope2019\",\"datePublished\":\"2019-12-03T18:17:19+00:00\",\"dateModified\":\"2020-11-12T14:29:59+00:00\",\"mainEntityOfPage\":{\"@id\":\"https:\\\/\\\/www.allmicroalgae.com\\\/pt-pt\\\/2019\\\/12\\\/03\\\/evento-margarida-costa-da-allmicroalgae-apresentou-na-eaba-algaeurope2019\\\/\"},\"wordCount\":863,\"image\":{\"@id\":\"https:\\\/\\\/www.allmicroalgae.com\\\/pt-pt\\\/2019\\\/12\\\/03\\\/evento-margarida-costa-da-allmicroalgae-apresentou-na-eaba-algaeurope2019\\\/#primaryimage\"},\"thumbnailUrl\":\"https:\\\/\\\/www.allmicroalgae.com\\\/wp-content\\\/uploads\\\/2019\\\/12\\\/Evento5.5.jpg\",\"keywords\":[\"2019\",\"AlgaEurope2019\",\"Allmicroalgae\",\"France\",\"Paris\"],\"articleSection\":[\"Eventos\"],\"inLanguage\":\"pt-PT\"},{\"@type\":\"WebPage\",\"@id\":\"https:\\\/\\\/www.allmicroalgae.com\\\/pt-pt\\\/2019\\\/12\\\/03\\\/evento-margarida-costa-da-allmicroalgae-apresentou-na-eaba-algaeurope2019\\\/\",\"url\":\"https:\\\/\\\/www.allmicroalgae.com\\\/pt-pt\\\/2019\\\/12\\\/03\\\/evento-margarida-costa-da-allmicroalgae-apresentou-na-eaba-algaeurope2019\\\/\",\"name\":\"Allmicroalgae - Margarida Costa na EABA AlgaEurope2019\",\"isPartOf\":{\"@id\":\"https:\\\/\\\/www.allmicroalgae.com\\\/en\\\/#website\"},\"primaryImageOfPage\":{\"@id\":\"https:\\\/\\\/www.allmicroalgae.com\\\/pt-pt\\\/2019\\\/12\\\/03\\\/evento-margarida-costa-da-allmicroalgae-apresentou-na-eaba-algaeurope2019\\\/#primaryimage\"},\"image\":{\"@id\":\"https:\\\/\\\/www.allmicroalgae.com\\\/pt-pt\\\/2019\\\/12\\\/03\\\/evento-margarida-costa-da-allmicroalgae-apresentou-na-eaba-algaeurope2019\\\/#primaryimage\"},\"thumbnailUrl\":\"https:\\\/\\\/www.allmicroalgae.com\\\/wp-content\\\/uploads\\\/2019\\\/12\\\/Evento5.5.jpg\",\"datePublished\":\"2019-12-03T18:17:19+00:00\",\"dateModified\":\"2020-11-12T14:29:59+00:00\",\"author\":{\"@id\":\"https:\\\/\\\/www.allmicroalgae.com\\\/en\\\/#\\\/schema\\\/person\\\/12f2a27baec271743b8a67c3936da05e\"},\"description\":\"Margarida Costa presente na EABA AlgaEurope2019, em Paris, com uma apresenta\u00e7\u00e3o oral com o t\u00edtulo: \u201cTwo-stage industrial cultivation of Chlorella vulgaris\u201d.\",\"breadcrumb\":{\"@id\":\"https:\\\/\\\/www.allmicroalgae.com\\\/pt-pt\\\/2019\\\/12\\\/03\\\/evento-margarida-costa-da-allmicroalgae-apresentou-na-eaba-algaeurope2019\\\/#breadcrumb\"},\"inLanguage\":\"pt-PT\",\"potentialAction\":[{\"@type\":\"ReadAction\",\"target\":[\"https:\\\/\\\/www.allmicroalgae.com\\\/pt-pt\\\/2019\\\/12\\\/03\\\/evento-margarida-costa-da-allmicroalgae-apresentou-na-eaba-algaeurope2019\\\/\"]}]},{\"@type\":\"ImageObject\",\"inLanguage\":\"pt-PT\",\"@id\":\"https:\\\/\\\/www.allmicroalgae.com\\\/pt-pt\\\/2019\\\/12\\\/03\\\/evento-margarida-costa-da-allmicroalgae-apresentou-na-eaba-algaeurope2019\\\/#primaryimage\",\"url\":\"https:\\\/\\\/www.allmicroalgae.com\\\/wp-content\\\/uploads\\\/2019\\\/12\\\/Evento5.5.jpg\",\"contentUrl\":\"https:\\\/\\\/www.allmicroalgae.com\\\/wp-content\\\/uploads\\\/2019\\\/12\\\/Evento5.5.jpg\",\"width\":1920,\"height\":1428},{\"@type\":\"BreadcrumbList\",\"@id\":\"https:\\\/\\\/www.allmicroalgae.com\\\/pt-pt\\\/2019\\\/12\\\/03\\\/evento-margarida-costa-da-allmicroalgae-apresentou-na-eaba-algaeurope2019\\\/#breadcrumb\",\"itemListElement\":[{\"@type\":\"ListItem\",\"position\":1,\"name\":\"Home\",\"item\":\"https:\\\/\\\/www.allmicroalgae.com\\\/en\\\/\"},{\"@type\":\"ListItem\",\"position\":2,\"name\":\"Margarida Costa da Allmicroalgae apresentou na EABA AlgaEurope2019\"}]},{\"@type\":\"WebSite\",\"@id\":\"https:\\\/\\\/www.allmicroalgae.com\\\/en\\\/#website\",\"url\":\"https:\\\/\\\/www.allmicroalgae.com\\\/en\\\/\",\"name\":\"Allmicroalgae\",\"description\":\"Cultivating Sustainable Microalgae Solutions\",\"potentialAction\":[{\"@type\":\"SearchAction\",\"target\":{\"@type\":\"EntryPoint\",\"urlTemplate\":\"https:\\\/\\\/www.allmicroalgae.com\\\/en\\\/?s={search_term_string}\"},\"query-input\":{\"@type\":\"PropertyValueSpecification\",\"valueRequired\":true,\"valueName\":\"search_term_string\"}}],\"inLanguage\":\"pt-PT\"},{\"@type\":\"Person\",\"@id\":\"https:\\\/\\\/www.allmicroalgae.com\\\/en\\\/#\\\/schema\\\/person\\\/12f2a27baec271743b8a67c3936da05e\",\"name\":\"growme\",\"image\":{\"@type\":\"ImageObject\",\"inLanguage\":\"pt-PT\",\"@id\":\"https:\\\/\\\/secure.gravatar.com\\\/avatar\\\/4d06ef453e73cf5edddcbb6bf454d99bfa7bf71e9b247f61a2aa7ff6e52f4f5a?s=96&d=mm&r=g\",\"url\":\"https:\\\/\\\/secure.gravatar.com\\\/avatar\\\/4d06ef453e73cf5edddcbb6bf454d99bfa7bf71e9b247f61a2aa7ff6e52f4f5a?s=96&d=mm&r=g\",\"contentUrl\":\"https:\\\/\\\/secure.gravatar.com\\\/avatar\\\/4d06ef453e73cf5edddcbb6bf454d99bfa7bf71e9b247f61a2aa7ff6e52f4f5a?s=96&d=mm&r=g\",\"caption\":\"growme\"},\"sameAs\":[\"https:\\\/\\\/www.allmicroalgae.com\"],\"url\":\"https:\\\/\\\/www.allmicroalgae.com\\\/pt-pt\\\/author\\\/growme\\\/\"}]}<\/script>\n<!-- \/ Yoast SEO plugin. -->","yoast_head_json":{"title":"Allmicroalgae - Margarida Costa na EABA AlgaEurope2019","description":"Margarida Costa presente na EABA AlgaEurope2019, em Paris, com uma apresenta\u00e7\u00e3o oral com o t\u00edtulo: \u201cTwo-stage industrial cultivation of Chlorella vulgaris\u201d.","robots":{"index":"index","follow":"follow","max-snippet":"max-snippet:-1","max-image-preview":"max-image-preview:large","max-video-preview":"max-video-preview:-1"},"canonical":"https:\/\/www.allmicroalgae.com\/pt-pt\/2019\/12\/03\/evento-margarida-costa-da-allmicroalgae-apresentou-na-eaba-algaeurope2019\/","og_locale":"pt_PT","og_type":"article","og_title":"Allmicroalgae - Margarida Costa na EABA AlgaEurope2019","og_description":"Margarida Costa presente na EABA AlgaEurope2019, em Paris, com uma apresenta\u00e7\u00e3o oral com o t\u00edtulo: \u201cTwo-stage industrial cultivation of Chlorella vulgaris\u201d.","og_url":"https:\/\/www.allmicroalgae.com\/pt-pt\/2019\/12\/03\/evento-margarida-costa-da-allmicroalgae-apresentou-na-eaba-algaeurope2019\/","og_site_name":"Allmicroalgae","article_published_time":"2019-12-03T18:17:19+00:00","article_modified_time":"2020-11-12T14:29:59+00:00","og_image":[{"width":1920,"height":1428,"url":"https:\/\/www.allmicroalgae.com\/wp-content\/uploads\/2019\/12\/Evento5.5.jpg","type":"image\/jpeg"}],"author":"growme","twitter_card":"summary_large_image","twitter_misc":{"Escrito por":"growme","Tempo estimado de leitura":"4 minutos"},"schema":{"@context":"https:\/\/schema.org","@graph":[{"@type":"Article","@id":"https:\/\/www.allmicroalgae.com\/pt-pt\/2019\/12\/03\/evento-margarida-costa-da-allmicroalgae-apresentou-na-eaba-algaeurope2019\/#article","isPartOf":{"@id":"https:\/\/www.allmicroalgae.com\/pt-pt\/2019\/12\/03\/evento-margarida-costa-da-allmicroalgae-apresentou-na-eaba-algaeurope2019\/"},"author":{"name":"growme","@id":"https:\/\/www.allmicroalgae.com\/en\/#\/schema\/person\/12f2a27baec271743b8a67c3936da05e"},"headline":"Margarida Costa da Allmicroalgae apresentou na EABA AlgaEurope2019","datePublished":"2019-12-03T18:17:19+00:00","dateModified":"2020-11-12T14:29:59+00:00","mainEntityOfPage":{"@id":"https:\/\/www.allmicroalgae.com\/pt-pt\/2019\/12\/03\/evento-margarida-costa-da-allmicroalgae-apresentou-na-eaba-algaeurope2019\/"},"wordCount":863,"image":{"@id":"https:\/\/www.allmicroalgae.com\/pt-pt\/2019\/12\/03\/evento-margarida-costa-da-allmicroalgae-apresentou-na-eaba-algaeurope2019\/#primaryimage"},"thumbnailUrl":"https:\/\/www.allmicroalgae.com\/wp-content\/uploads\/2019\/12\/Evento5.5.jpg","keywords":["2019","AlgaEurope2019","Allmicroalgae","France","Paris"],"articleSection":["Eventos"],"inLanguage":"pt-PT"},{"@type":"WebPage","@id":"https:\/\/www.allmicroalgae.com\/pt-pt\/2019\/12\/03\/evento-margarida-costa-da-allmicroalgae-apresentou-na-eaba-algaeurope2019\/","url":"https:\/\/www.allmicroalgae.com\/pt-pt\/2019\/12\/03\/evento-margarida-costa-da-allmicroalgae-apresentou-na-eaba-algaeurope2019\/","name":"Allmicroalgae - Margarida Costa na EABA AlgaEurope2019","isPartOf":{"@id":"https:\/\/www.allmicroalgae.com\/en\/#website"},"primaryImageOfPage":{"@id":"https:\/\/www.allmicroalgae.com\/pt-pt\/2019\/12\/03\/evento-margarida-costa-da-allmicroalgae-apresentou-na-eaba-algaeurope2019\/#primaryimage"},"image":{"@id":"https:\/\/www.allmicroalgae.com\/pt-pt\/2019\/12\/03\/evento-margarida-costa-da-allmicroalgae-apresentou-na-eaba-algaeurope2019\/#primaryimage"},"thumbnailUrl":"https:\/\/www.allmicroalgae.com\/wp-content\/uploads\/2019\/12\/Evento5.5.jpg","datePublished":"2019-12-03T18:17:19+00:00","dateModified":"2020-11-12T14:29:59+00:00","author":{"@id":"https:\/\/www.allmicroalgae.com\/en\/#\/schema\/person\/12f2a27baec271743b8a67c3936da05e"},"description":"Margarida Costa presente na EABA AlgaEurope2019, em Paris, com uma apresenta\u00e7\u00e3o oral com o t\u00edtulo: \u201cTwo-stage industrial cultivation of Chlorella vulgaris\u201d.","breadcrumb":{"@id":"https:\/\/www.allmicroalgae.com\/pt-pt\/2019\/12\/03\/evento-margarida-costa-da-allmicroalgae-apresentou-na-eaba-algaeurope2019\/#breadcrumb"},"inLanguage":"pt-PT","potentialAction":[{"@type":"ReadAction","target":["https:\/\/www.allmicroalgae.com\/pt-pt\/2019\/12\/03\/evento-margarida-costa-da-allmicroalgae-apresentou-na-eaba-algaeurope2019\/"]}]},{"@type":"ImageObject","inLanguage":"pt-PT","@id":"https:\/\/www.allmicroalgae.com\/pt-pt\/2019\/12\/03\/evento-margarida-costa-da-allmicroalgae-apresentou-na-eaba-algaeurope2019\/#primaryimage","url":"https:\/\/www.allmicroalgae.com\/wp-content\/uploads\/2019\/12\/Evento5.5.jpg","contentUrl":"https:\/\/www.allmicroalgae.com\/wp-content\/uploads\/2019\/12\/Evento5.5.jpg","width":1920,"height":1428},{"@type":"BreadcrumbList","@id":"https:\/\/www.allmicroalgae.com\/pt-pt\/2019\/12\/03\/evento-margarida-costa-da-allmicroalgae-apresentou-na-eaba-algaeurope2019\/#breadcrumb","itemListElement":[{"@type":"ListItem","position":1,"name":"Home","item":"https:\/\/www.allmicroalgae.com\/en\/"},{"@type":"ListItem","position":2,"name":"Margarida Costa da Allmicroalgae apresentou na EABA AlgaEurope2019"}]},{"@type":"WebSite","@id":"https:\/\/www.allmicroalgae.com\/en\/#website","url":"https:\/\/www.allmicroalgae.com\/en\/","name":"Allmicroalgae","description":"Cultivating Sustainable Microalgae Solutions","potentialAction":[{"@type":"SearchAction","target":{"@type":"EntryPoint","urlTemplate":"https:\/\/www.allmicroalgae.com\/en\/?s={search_term_string}"},"query-input":{"@type":"PropertyValueSpecification","valueRequired":true,"valueName":"search_term_string"}}],"inLanguage":"pt-PT"},{"@type":"Person","@id":"https:\/\/www.allmicroalgae.com\/en\/#\/schema\/person\/12f2a27baec271743b8a67c3936da05e","name":"growme","image":{"@type":"ImageObject","inLanguage":"pt-PT","@id":"https:\/\/secure.gravatar.com\/avatar\/4d06ef453e73cf5edddcbb6bf454d99bfa7bf71e9b247f61a2aa7ff6e52f4f5a?s=96&d=mm&r=g","url":"https:\/\/secure.gravatar.com\/avatar\/4d06ef453e73cf5edddcbb6bf454d99bfa7bf71e9b247f61a2aa7ff6e52f4f5a?s=96&d=mm&r=g","contentUrl":"https:\/\/secure.gravatar.com\/avatar\/4d06ef453e73cf5edddcbb6bf454d99bfa7bf71e9b247f61a2aa7ff6e52f4f5a?s=96&d=mm&r=g","caption":"growme"},"sameAs":["https:\/\/www.allmicroalgae.com"],"url":"https:\/\/www.allmicroalgae.com\/pt-pt\/author\/growme\/"}]}},"_links":{"self":[{"href":"https:\/\/www.allmicroalgae.com\/pt-pt\/wp-json\/wp\/v2\/posts\/1093","targetHints":{"allow":["GET"]}}],"collection":[{"href":"https:\/\/www.allmicroalgae.com\/pt-pt\/wp-json\/wp\/v2\/posts"}],"about":[{"href":"https:\/\/www.allmicroalgae.com\/pt-pt\/wp-json\/wp\/v2\/types\/post"}],"author":[{"embeddable":true,"href":"https:\/\/www.allmicroalgae.com\/pt-pt\/wp-json\/wp\/v2\/users\/1"}],"replies":[{"embeddable":true,"href":"https:\/\/www.allmicroalgae.com\/pt-pt\/wp-json\/wp\/v2\/comments?post=1093"}],"version-history":[{"count":5,"href":"https:\/\/www.allmicroalgae.com\/pt-pt\/wp-json\/wp\/v2\/posts\/1093\/revisions"}],"predecessor-version":[{"id":1232,"href":"https:\/\/www.allmicroalgae.com\/pt-pt\/wp-json\/wp\/v2\/posts\/1093\/revisions\/1232"}],"wp:featuredmedia":[{"embeddable":true,"href":"https:\/\/www.allmicroalgae.com\/pt-pt\/wp-json\/wp\/v2\/media\/1244"}],"wp:attachment":[{"href":"https:\/\/www.allmicroalgae.com\/pt-pt\/wp-json\/wp\/v2\/media?parent=1093"}],"wp:term":[{"taxonomy":"category","embeddable":true,"href":"https:\/\/www.allmicroalgae.com\/pt-pt\/wp-json\/wp\/v2\/categories?post=1093"},{"taxonomy":"post_tag","embeddable":true,"href":"https:\/\/www.allmicroalgae.com\/pt-pt\/wp-json\/wp\/v2\/tags?post=1093"}],"curies":[{"name":"wp","href":"https:\/\/api.w.org\/{rel}","templated":true}]}}