{"id":3770,"date":"2021-10-07T20:00:29","date_gmt":"2021-10-07T20:00:29","guid":{"rendered":"https:\/\/www.allmicroalgae.com\/?p=3770"},"modified":"2021-10-20T11:35:25","modified_gmt":"2021-10-20T11:35:25","slug":"allmicroalgae-exhibited-2-eposters-at-the-aquaculture-europe-2021-from-4th-to-7th-october-in-funchal-madeira","status":"publish","type":"post","link":"https:\/\/www.allmicroalgae.com\/en\/2021\/10\/07\/allmicroalgae-exhibited-2-eposters-at-the-aquaculture-europe-2021-from-4th-to-7th-october-in-funchal-madeira\/","title":{"rendered":"Allmicroalgae exhibited 2 ePosters at the Aquaculture Europe 2021, from 4th to 7th October, in Funchal (Madeira)"},"content":{"rendered":"[vc_row type=&#8221;in_container&#8221; full_screen_row_position=&#8221;middle&#8221; column_margin=&#8221;default&#8221; column_direction=&#8221;default&#8221; column_direction_tablet=&#8221;default&#8221; column_direction_phone=&#8221;default&#8221; scene_position=&#8221;center&#8221; text_color=&#8221;dark&#8221; text_align=&#8221;left&#8221; row_border_radius=&#8221;none&#8221; row_border_radius_applies=&#8221;bg&#8221; overlay_strength=&#8221;0.3&#8243; gradient_direction=&#8221;left_to_right&#8221; shape_divider_position=&#8221;bottom&#8221; bg_image_animation=&#8221;none&#8221; a=&#8221;default&#8221;][vc_column column_padding=&#8221;no-extra-padding&#8221; column_padding_tablet=&#8221;inherit&#8221; column_padding_phone=&#8221;inherit&#8221; column_padding_position=&#8221;all&#8221; background_color_opacity=&#8221;1&#8243; background_hover_color_opacity=&#8221;1&#8243; column_shadow=&#8221;none&#8221; column_border_radius=&#8221;none&#8221; column_link_target=&#8221;_self&#8221; gradient_direction=&#8221;left_to_right&#8221; overlay_strength=&#8221;0.3&#8243; width=&#8221;1\/1&#8243; tablet_width_inherit=&#8221;default&#8221; tablet_text_alignment=&#8221;default&#8221; phone_text_alignment=&#8221;default&#8221; column_border_width=&#8221;none&#8221; column_border_style=&#8221;solid&#8221; bg_image_animation=&#8221;none&#8221;][divider line_type=&#8221;No Line&#8221; custom_height=&#8221;20&#8243;][\/vc_column][\/vc_row][vc_row type=&#8221;in_container&#8221; full_screen_row_position=&#8221;middle&#8221; column_margin=&#8221;default&#8221; column_direction=&#8221;default&#8221; column_direction_tablet=&#8221;default&#8221; column_direction_phone=&#8221;default&#8221; scene_position=&#8221;center&#8221; text_color=&#8221;dark&#8221; text_align=&#8221;left&#8221; row_border_radius=&#8221;none&#8221; row_border_radius_applies=&#8221;bg&#8221; overlay_strength=&#8221;0.3&#8243; gradient_direction=&#8221;left_to_right&#8221; shape_divider_position=&#8221;bottom&#8221; bg_image_animation=&#8221;none&#8221;][vc_column column_padding=&#8221;no-extra-padding&#8221; column_padding_tablet=&#8221;inherit&#8221; column_padding_phone=&#8221;inherit&#8221; column_padding_position=&#8221;all&#8221; background_color_opacity=&#8221;1&#8243; background_hover_color_opacity=&#8221;1&#8243; column_shadow=&#8221;none&#8221; column_border_radius=&#8221;none&#8221; column_link_target=&#8221;_self&#8221; gradient_direction=&#8221;left_to_right&#8221; overlay_strength=&#8221;0.3&#8243; width=&#8221;1\/1&#8243; tablet_width_inherit=&#8221;default&#8221; tablet_text_alignment=&#8221;default&#8221; phone_text_alignment=&#8221;default&#8221; column_border_width=&#8221;none&#8221; column_border_style=&#8221;solid&#8221; bg_image_animation=&#8221;none&#8221;][vc_column_text]\n<h5>Allmicroalgae was present at the Aquaculture Europe 2021 , from 4th to 7th October, in Funchal (Madeira) with the exhibition of 2 posters, being represented by Joana Fonseca, research fellow, and Filipe Coutinho, Business Developer.<\/h5>\n[\/vc_column_text][divider line_type=&#8221;No Line&#8221;][\/vc_column][\/vc_row][vc_row type=&#8221;in_container&#8221; full_screen_row_position=&#8221;middle&#8221; column_margin=&#8221;default&#8221; column_direction=&#8221;default&#8221; column_direction_tablet=&#8221;default&#8221; column_direction_phone=&#8221;default&#8221; scene_position=&#8221;center&#8221; text_color=&#8221;dark&#8221; text_align=&#8221;left&#8221; row_border_radius=&#8221;none&#8221; row_border_radius_applies=&#8221;bg&#8221; overlay_strength=&#8221;0.3&#8243; gradient_direction=&#8221;left_to_right&#8221; shape_divider_position=&#8221;bottom&#8221; bg_image_animation=&#8221;none&#8221;][vc_column column_padding=&#8221;no-extra-padding&#8221; column_padding_tablet=&#8221;inherit&#8221; column_padding_phone=&#8221;inherit&#8221; column_padding_position=&#8221;all&#8221; background_color_opacity=&#8221;1&#8243; background_hover_color_opacity=&#8221;1&#8243; column_shadow=&#8221;none&#8221; column_border_radius=&#8221;none&#8221; column_link_target=&#8221;_self&#8221; gradient_direction=&#8221;left_to_right&#8221; overlay_strength=&#8221;0.3&#8243; width=&#8221;1\/1&#8243; tablet_width_inherit=&#8221;default&#8221; tablet_text_alignment=&#8221;default&#8221; phone_text_alignment=&#8221;default&#8221; column_border_width=&#8221;none&#8221; column_border_style=&#8221;solid&#8221; bg_image_animation=&#8221;none&#8221;][vc_row_inner column_margin=&#8221;default&#8221; column_direction=&#8221;default&#8221; column_direction_tablet=&#8221;default&#8221; column_direction_phone=&#8221;default&#8221; text_align=&#8221;left&#8221;][vc_column_inner column_padding=&#8221;no-extra-padding&#8221; column_padding_tablet=&#8221;inherit&#8221; column_padding_phone=&#8221;inherit&#8221; column_padding_position=&#8221;all&#8221; background_color_opacity=&#8221;1&#8243; background_hover_color_opacity=&#8221;1&#8243; column_shadow=&#8221;none&#8221; column_border_radius=&#8221;none&#8221; column_link_target=&#8221;_self&#8221; gradient_direction=&#8221;left_to_right&#8221; overlay_strength=&#8221;0.3&#8243; width=&#8221;1\/4&#8243; tablet_width_inherit=&#8221;default&#8221; column_border_width=&#8221;none&#8221; column_border_style=&#8221;solid&#8221; bg_image_animation=&#8221;none&#8221;][image_with_animation image_url=&#8221;3775&#8243; animation=&#8221;Fade In&#8221; hover_animation=&#8221;none&#8221; alignment=&#8221;&#8221; img_link_large=&#8221;yes&#8221; border_radius=&#8221;none&#8221; box_shadow=&#8221;none&#8221; image_loading=&#8221;default&#8221; max_width=&#8221;100%&#8221; max_width_mobile=&#8221;default&#8221;][\/vc_column_inner][vc_column_inner column_padding=&#8221;no-extra-padding&#8221; column_padding_tablet=&#8221;inherit&#8221; column_padding_phone=&#8221;inherit&#8221; column_padding_position=&#8221;all&#8221; background_color_opacity=&#8221;1&#8243; background_hover_color_opacity=&#8221;1&#8243; column_shadow=&#8221;none&#8221; column_border_radius=&#8221;none&#8221; column_link_target=&#8221;_self&#8221; gradient_direction=&#8221;left_to_right&#8221; overlay_strength=&#8221;0.3&#8243; width=&#8221;1\/4&#8243; tablet_width_inherit=&#8221;default&#8221; column_border_width=&#8221;none&#8221; column_border_style=&#8221;solid&#8221; bg_image_animation=&#8221;none&#8221;][image_with_animation image_url=&#8221;3792&#8243; animation=&#8221;None&#8221; hover_animation=&#8221;none&#8221; alignment=&#8221;center&#8221; border_radius=&#8221;none&#8221; box_shadow=&#8221;none&#8221; image_loading=&#8221;default&#8221; max_width=&#8221;100%&#8221; max_width_mobile=&#8221;default&#8221;][\/vc_column_inner][vc_column_inner column_padding=&#8221;no-extra-padding&#8221; column_padding_tablet=&#8221;inherit&#8221; column_padding_phone=&#8221;inherit&#8221; column_padding_position=&#8221;all&#8221; background_color_opacity=&#8221;1&#8243; background_hover_color_opacity=&#8221;1&#8243; column_shadow=&#8221;none&#8221; column_border_radius=&#8221;none&#8221; column_link_target=&#8221;_self&#8221; gradient_direction=&#8221;left_to_right&#8221; overlay_strength=&#8221;0.3&#8243; width=&#8221;2\/4&#8243; tablet_width_inherit=&#8221;default&#8221; column_border_width=&#8221;none&#8221; column_border_style=&#8221;solid&#8221; bg_image_animation=&#8221;none&#8221;][vc_column_text]\n<ul>\n<li>\n<h6><strong>Session:<\/strong> Micro \/ Macro Algae<\/h6>\n<h6><strong>Title: <\/strong><em>&#8220;NUTRITIONAL PROPERTIES OF MARINE AND FRESHWATER MICROALGAE FOR BIVALVES&#8217; PRODUCTION IMPROVEMENT&#8221;<\/em><\/h6>\n<h6><strong>Authors:<\/strong> Joana Fonseca, Margarida Costa, Helena Cardoso, Gon\u00e7alo Espirito Santo, In\u00eas Guerra, Pedro Cunha, N\u00e1dia Correia, Joana Teles, Joana Silva<\/h6>\n<\/li>\n<\/ul>\n[\/vc_column_text][\/vc_column_inner][\/vc_row_inner][divider line_type=&#8221;No Line&#8221;][vc_row_inner column_margin=&#8221;default&#8221; column_direction=&#8221;default&#8221; column_direction_tablet=&#8221;default&#8221; column_direction_phone=&#8221;default&#8221; text_align=&#8221;left&#8221;][vc_column_inner column_padding=&#8221;no-extra-padding&#8221; column_padding_tablet=&#8221;inherit&#8221; column_padding_phone=&#8221;inherit&#8221; column_padding_position=&#8221;all&#8221; background_color_opacity=&#8221;1&#8243; background_hover_color_opacity=&#8221;1&#8243; column_shadow=&#8221;none&#8221; column_border_radius=&#8221;none&#8221; column_link_target=&#8221;_self&#8221; gradient_direction=&#8221;left_to_right&#8221; overlay_strength=&#8221;0.3&#8243; width=&#8221;3\/4&#8243; tablet_width_inherit=&#8221;default&#8221; column_border_width=&#8221;none&#8221; column_border_style=&#8221;solid&#8221; bg_image_animation=&#8221;none&#8221;][vc_column_text]\n<ul>\n<li>\n<h6><strong>Session:<\/strong> Novel Ingredients, Feeds and Feeding<\/h6>\n<h6><strong>Title:<\/strong> <em>&#8220;MICROALGAE AS NUTRITIONAL FEED INGREDIENTS&#8221;<\/em><\/h6>\n<h6><strong>Authors:<\/strong> N\u00e1dia Correia, In\u00eas Guerra, Pedro Quelhas, Margarida Costa, Helena Cardoso, Joana Silva<\/h6>\n<\/li>\n<\/ul>\n[\/vc_column_text][\/vc_column_inner][vc_column_inner column_padding=&#8221;no-extra-padding&#8221; column_padding_tablet=&#8221;inherit&#8221; column_padding_phone=&#8221;inherit&#8221; column_padding_position=&#8221;all&#8221; background_color_opacity=&#8221;1&#8243; background_hover_color_opacity=&#8221;1&#8243; column_shadow=&#8221;none&#8221; column_border_radius=&#8221;none&#8221; column_link_target=&#8221;_self&#8221; gradient_direction=&#8221;left_to_right&#8221; overlay_strength=&#8221;0.3&#8243; width=&#8221;1\/4&#8243; tablet_width_inherit=&#8221;default&#8221; column_border_width=&#8221;none&#8221; column_border_style=&#8221;solid&#8221; bg_image_animation=&#8221;none&#8221;][image_with_animation image_url=&#8221;3777&#8243; animation=&#8221;Fade In&#8221; hover_animation=&#8221;none&#8221; alignment=&#8221;&#8221; img_link_large=&#8221;yes&#8221; border_radius=&#8221;none&#8221; box_shadow=&#8221;none&#8221; image_loading=&#8221;default&#8221; max_width=&#8221;100%&#8221; max_width_mobile=&#8221;default&#8221;][\/vc_column_inner][\/vc_row_inner][\/vc_column][\/vc_row][vc_row type=&#8221;in_container&#8221; full_screen_row_position=&#8221;middle&#8221; column_margin=&#8221;default&#8221; column_direction=&#8221;default&#8221; column_direction_tablet=&#8221;default&#8221; column_direction_phone=&#8221;default&#8221; scene_position=&#8221;center&#8221; text_color=&#8221;dark&#8221; text_align=&#8221;left&#8221; row_border_radius=&#8221;none&#8221; row_border_radius_applies=&#8221;bg&#8221; overlay_strength=&#8221;0.3&#8243; gradient_direction=&#8221;left_to_right&#8221; shape_divider_position=&#8221;bottom&#8221; bg_image_animation=&#8221;none&#8221;][vc_column column_padding=&#8221;no-extra-padding&#8221; column_padding_tablet=&#8221;inherit&#8221; column_padding_phone=&#8221;inherit&#8221; column_padding_position=&#8221;all&#8221; background_color_opacity=&#8221;1&#8243; background_hover_color_opacity=&#8221;1&#8243; column_shadow=&#8221;none&#8221; column_border_radius=&#8221;none&#8221; column_link_target=&#8221;_self&#8221; gradient_direction=&#8221;left_to_right&#8221; overlay_strength=&#8221;0.3&#8243; width=&#8221;1\/1&#8243; tablet_width_inherit=&#8221;default&#8221; tablet_text_alignment=&#8221;default&#8221; phone_text_alignment=&#8221;default&#8221; column_border_width=&#8221;none&#8221; column_border_style=&#8221;solid&#8221; bg_image_animation=&#8221;none&#8221;][divider line_type=&#8221;No Line&#8221; custom_height=&#8221;40&#8243;][vc_column_text]\n<h4>Outras Not\u00edcias<\/h4>\n[\/vc_column_text][divider line_type=&#8221;No Line&#8221; custom_height=&#8221;30&#8243;][recent_posts style=&#8221;classic_enhanced_alt&#8221; columns=&#8221;3&#8243; category=&#8221;all&#8221; order=&#8221;DESC&#8221; orderby=&#8221;date&#8221; blog_remove_post_date=&#8221;true&#8221; blog_remove_post_author=&#8221;true&#8221; blog_remove_post_comment_number=&#8221;true&#8221; posts_per_page=&#8221;3&#8243;][\/vc_column][\/vc_row]\n","protected":false},"excerpt":{"rendered":"<p>[vc_row type=&#8221;in_container&#8221; full_screen_row_position=&#8221;middle&#8221; column_margin=&#8221;default&#8221; column_direction=&#8221;default&#8221; column_direction_tablet=&#8221;default&#8221; column_direction_phone=&#8221;default&#8221; scene_position=&#8221;center&#8221; text_color=&#8221;dark&#8221; text_align=&#8221;left&#8221; row_border_radius=&#8221;none&#8221; row_border_radius_applies=&#8221;bg&#8221; overlay_strength=&#8221;0.3&#8243; gradient_direction=&#8221;left_to_right&#8221; shape_divider_position=&#8221;bottom&#8221; bg_image_animation=&#8221;none&#8221; a=&#8221;default&#8221;][vc_column column_padding=&#8221;no-extra-padding&#8221; column_padding_tablet=&#8221;inherit&#8221; column_padding_phone=&#8221;inherit&#8221; column_padding_position=&#8221;all&#8221; background_color_opacity=&#8221;1&#8243; background_hover_color_opacity=&#8221;1&#8243; column_shadow=&#8221;none&#8221; column_border_radius=&#8221;none&#8221; column_link_target=&#8221;_self&#8221; gradient_direction=&#8221;left_to_right&#8221; overlay_strength=&#8221;0.3&#8243; width=&#8221;1\/1&#8243; tablet_width_inherit=&#8221;default&#8221;&#8230;<\/p>\n","protected":false},"author":1,"featured_media":3771,"comment_status":"closed","ping_status":"closed","sticky":false,"template":"","format":"standard","meta":{"footnotes":""},"categories":[2],"tags":[],"class_list":{"0":"post-3770","1":"post","2":"type-post","3":"status-publish","4":"format-standard","5":"has-post-thumbnail","7":"category-events"},"yoast_head":"<!-- This site is optimized with the Yoast SEO plugin v27.5 - https:\/\/yoast.com\/product\/yoast-seo-wordpress\/ -->\n<title>Allmicroalgae Events - Allmicroalgae exhibited 2 ePosters at the AE2021<\/title>\n<meta name=\"description\" content=\"Allmicroalgae exhibited 2 ePosters at the Aquaculture Europe 2021, from 4th to 7th October, in Funchal (Madeira). Learn more.\" \/>\n<meta name=\"robots\" content=\"index, follow, max-snippet:-1, max-image-preview:large, max-video-preview:-1\" \/>\n<link rel=\"canonical\" href=\"https:\/\/www.allmicroalgae.com\/en\/2021\/10\/07\/allmicroalgae-exhibited-2-eposters-at-the-aquaculture-europe-2021-from-4th-to-7th-october-in-funchal-madeira\/\" \/>\n<meta property=\"og:locale\" content=\"en_US\" \/>\n<meta property=\"og:type\" content=\"article\" \/>\n<meta property=\"og:title\" content=\"Allmicroalgae Events - Allmicroalgae exhibited 2 ePosters at the AE2021\" \/>\n<meta property=\"og:description\" content=\"Allmicroalgae exhibited 2 ePosters at the Aquaculture Europe 2021, from 4th to 7th October, in Funchal (Madeira). Learn more.\" \/>\n<meta property=\"og:url\" content=\"https:\/\/www.allmicroalgae.com\/en\/2021\/10\/07\/allmicroalgae-exhibited-2-eposters-at-the-aquaculture-europe-2021-from-4th-to-7th-october-in-funchal-madeira\/\" \/>\n<meta property=\"og:site_name\" content=\"Allmicroalgae\" \/>\n<meta property=\"article:published_time\" content=\"2021-10-07T20:00:29+00:00\" \/>\n<meta property=\"article:modified_time\" content=\"2021-10-20T11:35:25+00:00\" \/>\n<meta property=\"og:image\" content=\"https:\/\/www.allmicroalgae.com\/wp-content\/uploads\/2021\/10\/danilo-santos-JnoZcQng58U-unsplash.jpg\" \/>\n\t<meta property=\"og:image:width\" content=\"1920\" \/>\n\t<meta property=\"og:image:height\" content=\"1280\" \/>\n\t<meta property=\"og:image:type\" content=\"image\/jpeg\" \/>\n<meta name=\"author\" content=\"growme\" \/>\n<meta name=\"twitter:card\" content=\"summary_large_image\" \/>\n<meta name=\"twitter:label1\" content=\"Written by\" \/>\n\t<meta name=\"twitter:data1\" content=\"growme\" \/>\n\t<meta name=\"twitter:label2\" content=\"Est. reading time\" \/>\n\t<meta name=\"twitter:data2\" content=\"6 minutes\" \/>\n<script type=\"application\/ld+json\" class=\"yoast-schema-graph\">{\"@context\":\"https:\\\/\\\/schema.org\",\"@graph\":[{\"@type\":\"Article\",\"@id\":\"https:\\\/\\\/www.allmicroalgae.com\\\/en\\\/2021\\\/10\\\/07\\\/allmicroalgae-exhibited-2-eposters-at-the-aquaculture-europe-2021-from-4th-to-7th-october-in-funchal-madeira\\\/#article\",\"isPartOf\":{\"@id\":\"https:\\\/\\\/www.allmicroalgae.com\\\/en\\\/2021\\\/10\\\/07\\\/allmicroalgae-exhibited-2-eposters-at-the-aquaculture-europe-2021-from-4th-to-7th-october-in-funchal-madeira\\\/\"},\"author\":{\"name\":\"growme\",\"@id\":\"https:\\\/\\\/www.allmicroalgae.com\\\/en\\\/#\\\/schema\\\/person\\\/12f2a27baec271743b8a67c3936da05e\"},\"headline\":\"Allmicroalgae exhibited 2 ePosters at the Aquaculture Europe 2021, from 4th to 7th October, in Funchal (Madeira)\",\"datePublished\":\"2021-10-07T20:00:29+00:00\",\"dateModified\":\"2021-10-20T11:35:25+00:00\",\"mainEntityOfPage\":{\"@id\":\"https:\\\/\\\/www.allmicroalgae.com\\\/en\\\/2021\\\/10\\\/07\\\/allmicroalgae-exhibited-2-eposters-at-the-aquaculture-europe-2021-from-4th-to-7th-october-in-funchal-madeira\\\/\"},\"wordCount\":1167,\"image\":{\"@id\":\"https:\\\/\\\/www.allmicroalgae.com\\\/en\\\/2021\\\/10\\\/07\\\/allmicroalgae-exhibited-2-eposters-at-the-aquaculture-europe-2021-from-4th-to-7th-october-in-funchal-madeira\\\/#primaryimage\"},\"thumbnailUrl\":\"https:\\\/\\\/www.allmicroalgae.com\\\/wp-content\\\/uploads\\\/2021\\\/10\\\/danilo-santos-JnoZcQng58U-unsplash.jpg\",\"articleSection\":[\"Events\"],\"inLanguage\":\"en-US\"},{\"@type\":\"WebPage\",\"@id\":\"https:\\\/\\\/www.allmicroalgae.com\\\/en\\\/2021\\\/10\\\/07\\\/allmicroalgae-exhibited-2-eposters-at-the-aquaculture-europe-2021-from-4th-to-7th-october-in-funchal-madeira\\\/\",\"url\":\"https:\\\/\\\/www.allmicroalgae.com\\\/en\\\/2021\\\/10\\\/07\\\/allmicroalgae-exhibited-2-eposters-at-the-aquaculture-europe-2021-from-4th-to-7th-october-in-funchal-madeira\\\/\",\"name\":\"Allmicroalgae Events - Allmicroalgae exhibited 2 ePosters at the AE2021\",\"isPartOf\":{\"@id\":\"https:\\\/\\\/www.allmicroalgae.com\\\/en\\\/#website\"},\"primaryImageOfPage\":{\"@id\":\"https:\\\/\\\/www.allmicroalgae.com\\\/en\\\/2021\\\/10\\\/07\\\/allmicroalgae-exhibited-2-eposters-at-the-aquaculture-europe-2021-from-4th-to-7th-october-in-funchal-madeira\\\/#primaryimage\"},\"image\":{\"@id\":\"https:\\\/\\\/www.allmicroalgae.com\\\/en\\\/2021\\\/10\\\/07\\\/allmicroalgae-exhibited-2-eposters-at-the-aquaculture-europe-2021-from-4th-to-7th-october-in-funchal-madeira\\\/#primaryimage\"},\"thumbnailUrl\":\"https:\\\/\\\/www.allmicroalgae.com\\\/wp-content\\\/uploads\\\/2021\\\/10\\\/danilo-santos-JnoZcQng58U-unsplash.jpg\",\"datePublished\":\"2021-10-07T20:00:29+00:00\",\"dateModified\":\"2021-10-20T11:35:25+00:00\",\"author\":{\"@id\":\"https:\\\/\\\/www.allmicroalgae.com\\\/en\\\/#\\\/schema\\\/person\\\/12f2a27baec271743b8a67c3936da05e\"},\"description\":\"Allmicroalgae exhibited 2 ePosters at the Aquaculture Europe 2021, from 4th to 7th October, in Funchal (Madeira). Learn more.\",\"breadcrumb\":{\"@id\":\"https:\\\/\\\/www.allmicroalgae.com\\\/en\\\/2021\\\/10\\\/07\\\/allmicroalgae-exhibited-2-eposters-at-the-aquaculture-europe-2021-from-4th-to-7th-october-in-funchal-madeira\\\/#breadcrumb\"},\"inLanguage\":\"en-US\",\"potentialAction\":[{\"@type\":\"ReadAction\",\"target\":[\"https:\\\/\\\/www.allmicroalgae.com\\\/en\\\/2021\\\/10\\\/07\\\/allmicroalgae-exhibited-2-eposters-at-the-aquaculture-europe-2021-from-4th-to-7th-october-in-funchal-madeira\\\/\"]}]},{\"@type\":\"ImageObject\",\"inLanguage\":\"en-US\",\"@id\":\"https:\\\/\\\/www.allmicroalgae.com\\\/en\\\/2021\\\/10\\\/07\\\/allmicroalgae-exhibited-2-eposters-at-the-aquaculture-europe-2021-from-4th-to-7th-october-in-funchal-madeira\\\/#primaryimage\",\"url\":\"https:\\\/\\\/www.allmicroalgae.com\\\/wp-content\\\/uploads\\\/2021\\\/10\\\/danilo-santos-JnoZcQng58U-unsplash.jpg\",\"contentUrl\":\"https:\\\/\\\/www.allmicroalgae.com\\\/wp-content\\\/uploads\\\/2021\\\/10\\\/danilo-santos-JnoZcQng58U-unsplash.jpg\",\"width\":1920,\"height\":1280},{\"@type\":\"BreadcrumbList\",\"@id\":\"https:\\\/\\\/www.allmicroalgae.com\\\/en\\\/2021\\\/10\\\/07\\\/allmicroalgae-exhibited-2-eposters-at-the-aquaculture-europe-2021-from-4th-to-7th-october-in-funchal-madeira\\\/#breadcrumb\",\"itemListElement\":[{\"@type\":\"ListItem\",\"position\":1,\"name\":\"Home\",\"item\":\"https:\\\/\\\/www.allmicroalgae.com\\\/en\\\/\"},{\"@type\":\"ListItem\",\"position\":2,\"name\":\"Allmicroalgae exhibited 2 ePosters at the Aquaculture Europe 2021, from 4th to 7th October, in Funchal (Madeira)\"}]},{\"@type\":\"WebSite\",\"@id\":\"https:\\\/\\\/www.allmicroalgae.com\\\/en\\\/#website\",\"url\":\"https:\\\/\\\/www.allmicroalgae.com\\\/en\\\/\",\"name\":\"Allmicroalgae\",\"description\":\"Cultivating Sustainable Microalgae Solutions\",\"potentialAction\":[{\"@type\":\"SearchAction\",\"target\":{\"@type\":\"EntryPoint\",\"urlTemplate\":\"https:\\\/\\\/www.allmicroalgae.com\\\/en\\\/?s={search_term_string}\"},\"query-input\":{\"@type\":\"PropertyValueSpecification\",\"valueRequired\":true,\"valueName\":\"search_term_string\"}}],\"inLanguage\":\"en-US\"},{\"@type\":\"Person\",\"@id\":\"https:\\\/\\\/www.allmicroalgae.com\\\/en\\\/#\\\/schema\\\/person\\\/12f2a27baec271743b8a67c3936da05e\",\"name\":\"growme\",\"image\":{\"@type\":\"ImageObject\",\"inLanguage\":\"en-US\",\"@id\":\"https:\\\/\\\/secure.gravatar.com\\\/avatar\\\/4d06ef453e73cf5edddcbb6bf454d99bfa7bf71e9b247f61a2aa7ff6e52f4f5a?s=96&d=mm&r=g\",\"url\":\"https:\\\/\\\/secure.gravatar.com\\\/avatar\\\/4d06ef453e73cf5edddcbb6bf454d99bfa7bf71e9b247f61a2aa7ff6e52f4f5a?s=96&d=mm&r=g\",\"contentUrl\":\"https:\\\/\\\/secure.gravatar.com\\\/avatar\\\/4d06ef453e73cf5edddcbb6bf454d99bfa7bf71e9b247f61a2aa7ff6e52f4f5a?s=96&d=mm&r=g\",\"caption\":\"growme\"},\"sameAs\":[\"https:\\\/\\\/www.allmicroalgae.com\"],\"url\":\"https:\\\/\\\/www.allmicroalgae.com\\\/en\\\/author\\\/growme\\\/\"}]}<\/script>\n<!-- \/ Yoast SEO plugin. -->","yoast_head_json":{"title":"Allmicroalgae Events - Allmicroalgae exhibited 2 ePosters at the AE2021","description":"Allmicroalgae exhibited 2 ePosters at the Aquaculture Europe 2021, from 4th to 7th October, in Funchal (Madeira). Learn more.","robots":{"index":"index","follow":"follow","max-snippet":"max-snippet:-1","max-image-preview":"max-image-preview:large","max-video-preview":"max-video-preview:-1"},"canonical":"https:\/\/www.allmicroalgae.com\/en\/2021\/10\/07\/allmicroalgae-exhibited-2-eposters-at-the-aquaculture-europe-2021-from-4th-to-7th-october-in-funchal-madeira\/","og_locale":"en_US","og_type":"article","og_title":"Allmicroalgae Events - Allmicroalgae exhibited 2 ePosters at the AE2021","og_description":"Allmicroalgae exhibited 2 ePosters at the Aquaculture Europe 2021, from 4th to 7th October, in Funchal (Madeira). Learn more.","og_url":"https:\/\/www.allmicroalgae.com\/en\/2021\/10\/07\/allmicroalgae-exhibited-2-eposters-at-the-aquaculture-europe-2021-from-4th-to-7th-october-in-funchal-madeira\/","og_site_name":"Allmicroalgae","article_published_time":"2021-10-07T20:00:29+00:00","article_modified_time":"2021-10-20T11:35:25+00:00","og_image":[{"width":1920,"height":1280,"url":"https:\/\/www.allmicroalgae.com\/wp-content\/uploads\/2021\/10\/danilo-santos-JnoZcQng58U-unsplash.jpg","type":"image\/jpeg"}],"author":"growme","twitter_card":"summary_large_image","twitter_misc":{"Written by":"growme","Est. reading time":"6 minutes"},"schema":{"@context":"https:\/\/schema.org","@graph":[{"@type":"Article","@id":"https:\/\/www.allmicroalgae.com\/en\/2021\/10\/07\/allmicroalgae-exhibited-2-eposters-at-the-aquaculture-europe-2021-from-4th-to-7th-october-in-funchal-madeira\/#article","isPartOf":{"@id":"https:\/\/www.allmicroalgae.com\/en\/2021\/10\/07\/allmicroalgae-exhibited-2-eposters-at-the-aquaculture-europe-2021-from-4th-to-7th-october-in-funchal-madeira\/"},"author":{"name":"growme","@id":"https:\/\/www.allmicroalgae.com\/en\/#\/schema\/person\/12f2a27baec271743b8a67c3936da05e"},"headline":"Allmicroalgae exhibited 2 ePosters at the Aquaculture Europe 2021, from 4th to 7th October, in Funchal (Madeira)","datePublished":"2021-10-07T20:00:29+00:00","dateModified":"2021-10-20T11:35:25+00:00","mainEntityOfPage":{"@id":"https:\/\/www.allmicroalgae.com\/en\/2021\/10\/07\/allmicroalgae-exhibited-2-eposters-at-the-aquaculture-europe-2021-from-4th-to-7th-october-in-funchal-madeira\/"},"wordCount":1167,"image":{"@id":"https:\/\/www.allmicroalgae.com\/en\/2021\/10\/07\/allmicroalgae-exhibited-2-eposters-at-the-aquaculture-europe-2021-from-4th-to-7th-october-in-funchal-madeira\/#primaryimage"},"thumbnailUrl":"https:\/\/www.allmicroalgae.com\/wp-content\/uploads\/2021\/10\/danilo-santos-JnoZcQng58U-unsplash.jpg","articleSection":["Events"],"inLanguage":"en-US"},{"@type":"WebPage","@id":"https:\/\/www.allmicroalgae.com\/en\/2021\/10\/07\/allmicroalgae-exhibited-2-eposters-at-the-aquaculture-europe-2021-from-4th-to-7th-october-in-funchal-madeira\/","url":"https:\/\/www.allmicroalgae.com\/en\/2021\/10\/07\/allmicroalgae-exhibited-2-eposters-at-the-aquaculture-europe-2021-from-4th-to-7th-october-in-funchal-madeira\/","name":"Allmicroalgae Events - Allmicroalgae exhibited 2 ePosters at the AE2021","isPartOf":{"@id":"https:\/\/www.allmicroalgae.com\/en\/#website"},"primaryImageOfPage":{"@id":"https:\/\/www.allmicroalgae.com\/en\/2021\/10\/07\/allmicroalgae-exhibited-2-eposters-at-the-aquaculture-europe-2021-from-4th-to-7th-october-in-funchal-madeira\/#primaryimage"},"image":{"@id":"https:\/\/www.allmicroalgae.com\/en\/2021\/10\/07\/allmicroalgae-exhibited-2-eposters-at-the-aquaculture-europe-2021-from-4th-to-7th-october-in-funchal-madeira\/#primaryimage"},"thumbnailUrl":"https:\/\/www.allmicroalgae.com\/wp-content\/uploads\/2021\/10\/danilo-santos-JnoZcQng58U-unsplash.jpg","datePublished":"2021-10-07T20:00:29+00:00","dateModified":"2021-10-20T11:35:25+00:00","author":{"@id":"https:\/\/www.allmicroalgae.com\/en\/#\/schema\/person\/12f2a27baec271743b8a67c3936da05e"},"description":"Allmicroalgae exhibited 2 ePosters at the Aquaculture Europe 2021, from 4th to 7th October, in Funchal (Madeira). Learn more.","breadcrumb":{"@id":"https:\/\/www.allmicroalgae.com\/en\/2021\/10\/07\/allmicroalgae-exhibited-2-eposters-at-the-aquaculture-europe-2021-from-4th-to-7th-october-in-funchal-madeira\/#breadcrumb"},"inLanguage":"en-US","potentialAction":[{"@type":"ReadAction","target":["https:\/\/www.allmicroalgae.com\/en\/2021\/10\/07\/allmicroalgae-exhibited-2-eposters-at-the-aquaculture-europe-2021-from-4th-to-7th-october-in-funchal-madeira\/"]}]},{"@type":"ImageObject","inLanguage":"en-US","@id":"https:\/\/www.allmicroalgae.com\/en\/2021\/10\/07\/allmicroalgae-exhibited-2-eposters-at-the-aquaculture-europe-2021-from-4th-to-7th-october-in-funchal-madeira\/#primaryimage","url":"https:\/\/www.allmicroalgae.com\/wp-content\/uploads\/2021\/10\/danilo-santos-JnoZcQng58U-unsplash.jpg","contentUrl":"https:\/\/www.allmicroalgae.com\/wp-content\/uploads\/2021\/10\/danilo-santos-JnoZcQng58U-unsplash.jpg","width":1920,"height":1280},{"@type":"BreadcrumbList","@id":"https:\/\/www.allmicroalgae.com\/en\/2021\/10\/07\/allmicroalgae-exhibited-2-eposters-at-the-aquaculture-europe-2021-from-4th-to-7th-october-in-funchal-madeira\/#breadcrumb","itemListElement":[{"@type":"ListItem","position":1,"name":"Home","item":"https:\/\/www.allmicroalgae.com\/en\/"},{"@type":"ListItem","position":2,"name":"Allmicroalgae exhibited 2 ePosters at the Aquaculture Europe 2021, from 4th to 7th October, in Funchal (Madeira)"}]},{"@type":"WebSite","@id":"https:\/\/www.allmicroalgae.com\/en\/#website","url":"https:\/\/www.allmicroalgae.com\/en\/","name":"Allmicroalgae","description":"Cultivating Sustainable Microalgae Solutions","potentialAction":[{"@type":"SearchAction","target":{"@type":"EntryPoint","urlTemplate":"https:\/\/www.allmicroalgae.com\/en\/?s={search_term_string}"},"query-input":{"@type":"PropertyValueSpecification","valueRequired":true,"valueName":"search_term_string"}}],"inLanguage":"en-US"},{"@type":"Person","@id":"https:\/\/www.allmicroalgae.com\/en\/#\/schema\/person\/12f2a27baec271743b8a67c3936da05e","name":"growme","image":{"@type":"ImageObject","inLanguage":"en-US","@id":"https:\/\/secure.gravatar.com\/avatar\/4d06ef453e73cf5edddcbb6bf454d99bfa7bf71e9b247f61a2aa7ff6e52f4f5a?s=96&d=mm&r=g","url":"https:\/\/secure.gravatar.com\/avatar\/4d06ef453e73cf5edddcbb6bf454d99bfa7bf71e9b247f61a2aa7ff6e52f4f5a?s=96&d=mm&r=g","contentUrl":"https:\/\/secure.gravatar.com\/avatar\/4d06ef453e73cf5edddcbb6bf454d99bfa7bf71e9b247f61a2aa7ff6e52f4f5a?s=96&d=mm&r=g","caption":"growme"},"sameAs":["https:\/\/www.allmicroalgae.com"],"url":"https:\/\/www.allmicroalgae.com\/en\/author\/growme\/"}]}},"_links":{"self":[{"href":"https:\/\/www.allmicroalgae.com\/en\/wp-json\/wp\/v2\/posts\/3770","targetHints":{"allow":["GET"]}}],"collection":[{"href":"https:\/\/www.allmicroalgae.com\/en\/wp-json\/wp\/v2\/posts"}],"about":[{"href":"https:\/\/www.allmicroalgae.com\/en\/wp-json\/wp\/v2\/types\/post"}],"author":[{"embeddable":true,"href":"https:\/\/www.allmicroalgae.com\/en\/wp-json\/wp\/v2\/users\/1"}],"replies":[{"embeddable":true,"href":"https:\/\/www.allmicroalgae.com\/en\/wp-json\/wp\/v2\/comments?post=3770"}],"version-history":[{"count":15,"href":"https:\/\/www.allmicroalgae.com\/en\/wp-json\/wp\/v2\/posts\/3770\/revisions"}],"predecessor-version":[{"id":3845,"href":"https:\/\/www.allmicroalgae.com\/en\/wp-json\/wp\/v2\/posts\/3770\/revisions\/3845"}],"wp:featuredmedia":[{"embeddable":true,"href":"https:\/\/www.allmicroalgae.com\/en\/wp-json\/wp\/v2\/media\/3771"}],"wp:attachment":[{"href":"https:\/\/www.allmicroalgae.com\/en\/wp-json\/wp\/v2\/media?parent=3770"}],"wp:term":[{"taxonomy":"category","embeddable":true,"href":"https:\/\/www.allmicroalgae.com\/en\/wp-json\/wp\/v2\/categories?post=3770"},{"taxonomy":"post_tag","embeddable":true,"href":"https:\/\/www.allmicroalgae.com\/en\/wp-json\/wp\/v2\/tags?post=3770"}],"curies":[{"name":"wp","href":"https:\/\/api.w.org\/{rel}","templated":true}]}}